{"id":1,"date":"2022-12-17T23:34:43","date_gmt":"2022-12-17T23:34:43","guid":{"rendered":"https:\/\/paradisdecolors.com\/pt\/?p=1"},"modified":"2023-02-14T11:57:35","modified_gmt":"2023-02-14T16:57:35","slug":"hello-world","status":"publish","type":"post","link":"https:\/\/paradisdecolors.com\/pt\/hello-world\/","title":{"rendered":"San Andr\u00e9s \u00e9 um Para\u00edso de Cores"},"content":{"rendered":"<p>O Arquip\u00e9lago de San Andr\u00e9s, Providencia e Santa Catalina \u00e9 um tesouro natural das Cara\u00edbas, constitu\u00eddo por um grupo de ilhas, cais e bancos de coral que albergam uma riqueza biol\u00f3gica \u00fanica e constituem a maior extens\u00e3o de cobertura de coral da Col\u00f4mbia e uma das mais importantes das Cara\u00edbas ocidentais. Estas caracter\u00edsticas foram reconhecidas pela UNESCO para declarar esta \u00e1rea como Reserva da Biosfera do Seaflower. O conjunto de ecossistemas presentes, tanto marinhos como terrestres, abrigam milhares de esp\u00e9cies de fauna e flora, algumas end\u00e9micas e raras que s\u00f3 se encontram nesta regi\u00e3o oce\u00e2nica.<\/p>\n<p>A Ilha de San Andr\u00e9s \u00e9 a maior ilha do arquip\u00e9lago, com uma \u00e1rea de aproximadamente 27 km2. Limitada por recifes de coral que formam uma barreira natural que a protege das ondas fortes, a ilha tem diferentes tons de azul no mar gra\u00e7as aos fundos de ervas marinhas, areia ou manchas de coral. Esta \u00e9 uma paisagem \u00fanica que lhe d\u00e1 o t\u00edtulo de \u00abMar das Sete Cores\u00bb. Al\u00e9m disso, na sua sec\u00e7\u00e3o costeira e terrestre tem belas praias de areia branca de origem coral, manguezais, costas rochosas e rel\u00edquias de floresta tropical seca, que d\u00e3o \u00e0 ilha uma combina\u00e7\u00e3o \u00fanica e fazem dela um destino de sonho para aqueles que querem desfrutar destes atributos da natureza.<\/p>\n<p>Desde ecossistemas como recifes de coral coloridos at\u00e9 \u00e0 enigm\u00e1tica floresta tropical seca, e desde esp\u00e9cies de pedra-chave como os tubar\u00f5es at\u00e9 ao ic\u00f3nico caranguejo negro, os visitantes encontram oportunidades inigual\u00e1veis de experimentar a beleza natural da ilha atrav\u00e9s de experi\u00eancias de turismo sustent\u00e1vel. No entanto, a fragilidade dos ecossistemas e as amea\u00e7as que enfrentam tornam a conserva\u00e7\u00e3o da sua biodiversidade essencial para a sustentabilidade a longo prazo.<\/p>\n<p>Visando o desenvolvimento sustent\u00e1vel, \u00e9 importante que as actividades tur\u00edsticas sejam realizadas de forma ambientalmente respons\u00e1vel e que, para al\u00e9m de gerarem rendimentos para a comunidade local, se tornem experi\u00eancias enriquecedoras e educativas para aqueles que amam a natureza e querem contribuir para a conserva\u00e7\u00e3o da biodiversidade deste territ\u00f3rio. A Reserva da Biosfera Seaflower deve ter como objectivo ser um exemplo global de turismo respons\u00e1vel onde a import\u00e2ncia de proteger e conservar a biodiversidade \u00e9 compreendida a fim de garantir a vida para as gera\u00e7\u00f5es futuras. A conserva\u00e7\u00e3o da biodiversidade \u00e9 uma responsabilidade moral e devemos, em conjunto, ser os guardi\u00f5es das esp\u00e9cies que habitam este territ\u00f3rio insular.<\/p>\n","protected":false},"excerpt":{"rendered":"<p>O Arquip\u00e9lago de San Andr\u00e9s, Providencia e Santa Catalina \u00e9 um tesouro natural das Cara\u00edbas, constitu\u00eddo por um grupo de ilhas, cais e bancos de coral que albergam uma riqueza biol\u00f3gica \u00fanica e constituem a maior extens\u00e3o de cobertura de coral da Col\u00f4mbia e uma das mais importantes das Cara\u00edbas ocidentais. Estas caracter\u00edsticas foram reconhecidas [&hellip;]<\/p>\n","protected":false},"author":1,"featured_media":261,"comment_status":"open","ping_status":"open","sticky":false,"template":"","format":"standard","meta":{"om_disable_all_campaigns":false,"_monsterinsights_skip_tracking":false,"_monsterinsights_sitenote_active":false,"_monsterinsights_sitenote_note":"","_monsterinsights_sitenote_category":0,"footnotes":""},"categories":[1],"tags":[10],"class_list":["post-1","post","type-post","status-publish","format-standard","has-post-thumbnail","hentry","category-uncategorized","tag-san-andres","entry","has-media"],"aioseo_notices":[],"_links":{"self":[{"href":"https:\/\/paradisdecolors.com\/pt\/wp-json\/wp\/v2\/posts\/1","targetHints":{"allow":["GET"]}}],"collection":[{"href":"https:\/\/paradisdecolors.com\/pt\/wp-json\/wp\/v2\/posts"}],"about":[{"href":"https:\/\/paradisdecolors.com\/pt\/wp-json\/wp\/v2\/types\/post"}],"author":[{"embeddable":true,"href":"https:\/\/paradisdecolors.com\/pt\/wp-json\/wp\/v2\/users\/1"}],"replies":[{"embeddable":true,"href":"https:\/\/paradisdecolors.com\/pt\/wp-json\/wp\/v2\/comments?post=1"}],"version-history":[{"count":3,"href":"https:\/\/paradisdecolors.com\/pt\/wp-json\/wp\/v2\/posts\/1\/revisions"}],"predecessor-version":[{"id":265,"href":"https:\/\/paradisdecolors.com\/pt\/wp-json\/wp\/v2\/posts\/1\/revisions\/265"}],"wp:featuredmedia":[{"embeddable":true,"href":"https:\/\/paradisdecolors.com\/pt\/wp-json\/wp\/v2\/media\/261"}],"wp:attachment":[{"href":"https:\/\/paradisdecolors.com\/pt\/wp-json\/wp\/v2\/media?parent=1"}],"wp:term":[{"taxonomy":"category","embeddable":true,"href":"https:\/\/paradisdecolors.com\/pt\/wp-json\/wp\/v2\/categories?post=1"},{"taxonomy":"post_tag","embeddable":true,"href":"https:\/\/paradisdecolors.com\/pt\/wp-json\/wp\/v2\/tags?post=1"}],"curies":[{"name":"wp","href":"https:\/\/api.w.org\/{rel}","templated":true}]}}